{"id":24735,"date":"2017-03-04T13:05:21","date_gmt":"2017-03-04T11:05:21","guid":{"rendered":"http:\/\/raymond-debieve.fr\/?p=24735"},"modified":"2017-04-03T10:51:29","modified_gmt":"2017-04-03T08:51:29","slug":"enfants-ecoles-de-maubeuge-decouvrent-raymond-debieve","status":"publish","type":"post","link":"https:\/\/raymond-debieve.fr\/en\/enfants-ecoles-de-maubeuge-decouvrent-raymond-debieve\/","title":{"rendered":"Les enfants des \u00e9coles de Maubeuge d\u00e9couvrent Raymond Debi\u00e8ve"},"content":{"rendered":"<p class=\"qtranxs-available-languages-message qtranxs-available-languages-message-en\">Sorry, this entry is only available in <a href=\"https:\/\/raymond-debieve.fr\/fr\/wp-json\/wp\/v2\/posts\/24735\" class=\"qtranxs-available-language-link qtranxs-available-language-link-fr\" title=\"Fran\u00e7ais\">Fran\u00e7ais<\/a>.<\/p><span style=\"color: #339966;\">Les \u00e9l\u00e8ves des \u00e9coles des 3 faubourgs \u00e0 Maubeuge ont\u00a0rencontr\u00e9\u00a0des oeuvres de Raymond Debi\u00e8ve, expos\u00e9es dans leurs classes.<\/span><\/p>\n<p><span style=\"color: #339966;\">Gr\u00e2ce \u00e0 leurs professeurs, ils ont pu d\u00e9couvrir le travail de l&#8217;artiste et cr\u00e9er \u00e0 leur tour leurs propres oeuvres.<\/span><\/p>\n<table style=\"width: 100%;\">\n<tbody>\n<tr>\n<td style=\"width: 387px;\"><a href=\"http:\/\/jp-giachetti.fr\/dossiers-pedagogiques\/arts-visuels\/dossiers-specifiques\/raymond-debieve\" target=\"_blank\"><img loading=\"lazy\" decoding=\"async\" class=\"aligncenter wp-image-24737 size-wcsmall\" src=\"http:\/\/raymond-debieve.fr\/wp-content\/uploads\/2017\/03\/hugo_expo-300x225-250x188.jpg\" width=\"250\" height=\"188\" srcset=\"https:\/\/raymond-debieve.fr\/wp-content\/uploads\/2017\/03\/hugo_expo-300x225-250x188.jpg 250w, https:\/\/raymond-debieve.fr\/wp-content\/uploads\/2017\/03\/hugo_expo-300x225.jpg 300w, https:\/\/raymond-debieve.fr\/wp-content\/uploads\/2017\/03\/hugo_expo-300x225-240x180.jpg 240w, https:\/\/raymond-debieve.fr\/wp-content\/uploads\/2017\/03\/hugo_expo-300x225-75x56.jpg 75w\" sizes=\"auto, (max-width: 250px) 100vw, 250px\" \/><\/a><\/td>\n<td style=\"width: 444.03125px;\"><a href=\"http:\/\/jp-giachetti.fr\/dossiers-pedagogiques\/arts-visuels\/dossiers-specifiques\/raymond-debieve\/raymond-debieve-ecole-victor-hugo\" target=\"_blank\"><img loading=\"lazy\" decoding=\"async\" class=\"aligncenter wp-image-24736 size-full\" src=\"http:\/\/raymond-debieve.fr\/wp-content\/uploads\/2017\/03\/VictorHugo3-210x300.jpg\" width=\"210\" height=\"300\" srcset=\"https:\/\/raymond-debieve.fr\/wp-content\/uploads\/2017\/03\/VictorHugo3-210x300.jpg 210w, https:\/\/raymond-debieve.fr\/wp-content\/uploads\/2017\/03\/VictorHugo3-210x300-126x180.jpg 126w, https:\/\/raymond-debieve.fr\/wp-content\/uploads\/2017\/03\/VictorHugo3-210x300-53x75.jpg 53w\" sizes=\"auto, (max-width: 210px) 100vw, 210px\" \/><\/a><\/td>\n<\/tr>\n<\/tbody>\n<\/table>\n<p><em>En cliquant\u00a0sur les images vous pourrez visiter\u00a0le site de Jean-Pierre Giachetti (Education artistique et culturelle du bassin d&#8217;Avesnes) qui propose des pistes p\u00e9dagogiques et expose des travaux d&#8217;\u00e9l\u00e8ves.<\/em><\/p>\n<p>&nbsp;<\/p>\n<ul>\n<li>Ecole Jules Ferry<\/li>\n<\/ul>\n<a href=\"http:\/\/jp-giachetti.fr\/dossiers-pedagogiques\/arts-visuels\/dossiers-specifiques\/raymond-debieve\/raymond-debieve-ecole-jules-ferry\">http:\/\/jp-giachetti.fr\/dossiers-pedagogiques\/arts-visuels\/dossiers-specifiques\/raymond-debieve\/raymond-debieve-ecole-jules-ferry<\/a>\n<p>&nbsp;<\/p>\n<ul>\n<li>Ecole Piotte<\/li>\n<\/ul>\n<a href=\"http:\/\/jp-giachetti.fr\/dossiers-pedagogiques\/arts-visuels\/dossiers-specifiques\/raymond-debieve\/raymond-debieve-ecole-piotte\">http:\/\/jp-giachetti.fr\/dossiers-pedagogiques\/arts-visuels\/dossiers-specifiques\/raymond-debieve\/raymond-debieve-ecole-piotte<\/a>\n<p>&nbsp;<\/p>\n<ul>\n<li>Ecole Victor Hugo<\/li>\n<\/ul>\n<a href=\"http:\/\/jp-giachetti.fr\/dossiers-pedagogiques\/arts-visuels\/dossiers-specifiques\/raymond-debieve\/raymond-debieve-ecole-victor-hugo\">http:\/\/jp-giachetti.fr\/dossiers-pedagogiques\/arts-visuels\/dossiers-specifiques\/raymond-debieve\/raymond-debieve-ecole-victor-hugo<\/a>\n<p>&nbsp;","protected":false},"excerpt":{"rendered":"<p>Sorry, this entry is only available in Fran\u00e7ais.Les \u00e9l\u00e8ves des \u00e9coles des 3 faubourgs \u00e0 Maubeuge ont\u00a0rencontr\u00e9\u00a0des oeuvres de Raymond Debi\u00e8ve, expos\u00e9es dans leurs classes. Gr\u00e2ce \u00e0 leurs professeurs, ils ont pu d\u00e9couvrir le travail de l&#8217;artiste et cr\u00e9er \u00e0 leur tour leurs propres oeuvres. En cliquant\u00a0sur les images vous pourrez visiter\u00a0le site de Jean-Pierre [&hellip;]<\/p>\n","protected":false},"author":1,"featured_media":24514,"comment_status":"closed","ping_status":"closed","sticky":false,"template":"","format":"standard","meta":{"_exactmetrics_skip_tracking":false,"_exactmetrics_sitenote_active":false,"_exactmetrics_sitenote_note":"","_exactmetrics_sitenote_category":0,"footnotes":""},"categories":[64],"tags":[77,101,100,65,99,95],"class_list":["post-24735","post","type-post","status-publish","format-standard","has-post-thumbnail","hentry","category-actualite","tag-actualite","tag-eleves","tag-enfants","tag-exposition","tag-galerie-raymond-debieve","tag-maubeuge"],"_links":{"self":[{"href":"https:\/\/raymond-debieve.fr\/en\/wp-json\/wp\/v2\/posts\/24735","targetHints":{"allow":["GET"]}}],"collection":[{"href":"https:\/\/raymond-debieve.fr\/en\/wp-json\/wp\/v2\/posts"}],"about":[{"href":"https:\/\/raymond-debieve.fr\/en\/wp-json\/wp\/v2\/types\/post"}],"author":[{"embeddable":true,"href":"https:\/\/raymond-debieve.fr\/en\/wp-json\/wp\/v2\/users\/1"}],"replies":[{"embeddable":true,"href":"https:\/\/raymond-debieve.fr\/en\/wp-json\/wp\/v2\/comments?post=24735"}],"version-history":[{"count":14,"href":"https:\/\/raymond-debieve.fr\/en\/wp-json\/wp\/v2\/posts\/24735\/revisions"}],"predecessor-version":[{"id":24849,"href":"https:\/\/raymond-debieve.fr\/en\/wp-json\/wp\/v2\/posts\/24735\/revisions\/24849"}],"wp:featuredmedia":[{"embeddable":true,"href":"https:\/\/raymond-debieve.fr\/en\/wp-json\/wp\/v2\/media\/24514"}],"wp:attachment":[{"href":"https:\/\/raymond-debieve.fr\/en\/wp-json\/wp\/v2\/media?parent=24735"}],"wp:term":[{"taxonomy":"category","embeddable":true,"href":"https:\/\/raymond-debieve.fr\/en\/wp-json\/wp\/v2\/categories?post=24735"},{"taxonomy":"post_tag","embeddable":true,"href":"https:\/\/raymond-debieve.fr\/en\/wp-json\/wp\/v2\/tags?post=24735"}],"curies":[{"name":"wp","href":"https:\/\/api.w.org\/{rel}","templated":true}]}}