{"id":24892,"date":"2017-03-14T10:37:37","date_gmt":"2017-03-14T08:37:37","guid":{"rendered":"http:\/\/raymond-debieve.fr\/?p=24892"},"modified":"2017-04-03T10:44:28","modified_gmt":"2017-04-03T08:44:28","slug":"nouvel-article-lexposition-raymond-debieve-a-maubeuge","status":"publish","type":"post","link":"https:\/\/raymond-debieve.fr\/en\/nouvel-article-lexposition-raymond-debieve-a-maubeuge\/","title":{"rendered":"Nouvel article sur l&#8217;exposition Raymond Debi\u00e8ve \u00e0 Maubeuge"},"content":{"rendered":"<p class=\"qtranxs-available-languages-message qtranxs-available-languages-message-en\">Sorry, this entry is only available in <a href=\"https:\/\/raymond-debieve.fr\/fr\/wp-json\/wp\/v2\/posts\/24892\" class=\"qtranxs-available-language-link qtranxs-available-language-link-fr\" title=\"Fran\u00e7ais\">Fran\u00e7ais<\/a>.<\/p>La Voix du Nord vient de publier un nouvel article sur l&#8217;exposition Raymond Debieve qui se d\u00e9roule \u00e0 la M\u00e9diath\u00e8que et \u00e0 la Maison Folie \u00e0 Maubeuge :<\/p>\n<div id=\"attachment_24894\" style=\"width: 300px\" class=\"wp-caption aligncenter\"><img loading=\"lazy\" decoding=\"async\" aria-describedby=\"caption-attachment-24894\" class=\"size-medium wp-image-24894\" src=\"http:\/\/raymond-debieve.fr\/wp-content\/uploads\/2017\/03\/La-Voix-du-Nord-13032017-290x300.png\" alt=\"La Voix du Nord 13\/03\/2017 - Exposition Raymond Debi\u00e8ve \u00e0 Maubeuge\" width=\"290\" height=\"300\" srcset=\"https:\/\/raymond-debieve.fr\/wp-content\/uploads\/2017\/03\/La-Voix-du-Nord-13032017-290x300.png 290w, https:\/\/raymond-debieve.fr\/wp-content\/uploads\/2017\/03\/La-Voix-du-Nord-13032017-250x259.png 250w, https:\/\/raymond-debieve.fr\/wp-content\/uploads\/2017\/03\/La-Voix-du-Nord-13032017-550x569.png 550w, https:\/\/raymond-debieve.fr\/wp-content\/uploads\/2017\/03\/La-Voix-du-Nord-13032017-174x180.png 174w, https:\/\/raymond-debieve.fr\/wp-content\/uploads\/2017\/03\/La-Voix-du-Nord-13032017-483x500.png 483w, https:\/\/raymond-debieve.fr\/wp-content\/uploads\/2017\/03\/La-Voix-du-Nord-13032017-72x75.png 72w, https:\/\/raymond-debieve.fr\/wp-content\/uploads\/2017\/03\/La-Voix-du-Nord-13032017-520x538.png 520w, https:\/\/raymond-debieve.fr\/wp-content\/uploads\/2017\/03\/La-Voix-du-Nord-13032017.png 573w\" sizes=\"auto, (max-width: 290px) 100vw, 290px\" \/><p id=\"caption-attachment-24894\" class=\"wp-caption-text\">La Voix du Nord 13\/03\/2017 &#8211; Exposition Raymond Debi\u00e8ve \u00e0 Maubeuge<\/p><\/div>\n<a href=\"http:\/\/www.lavoixdunord.fr\/131814\/article\/2017-03-13\/raymond-debieve-expose-la-maison-folie\">http:\/\/www.lavoixdunord.fr\/131814\/article\/2017-03-13\/raymond-debieve-expose-la-maison-folie<\/a>","protected":false},"excerpt":{"rendered":"<p>Sorry, this entry is only available in Fran\u00e7ais.La Voix du Nord vient de publier un nouvel article sur l&#8217;exposition Raymond Debieve qui se d\u00e9roule \u00e0 la M\u00e9diath\u00e8que et \u00e0 la Maison Folie \u00e0 Maubeuge :<\/p>\n","protected":false},"author":2,"featured_media":24894,"comment_status":"closed","ping_status":"closed","sticky":false,"template":"","format":"standard","meta":{"_exactmetrics_skip_tracking":false,"_exactmetrics_sitenote_active":false,"_exactmetrics_sitenote_note":"","_exactmetrics_sitenote_category":0,"footnotes":""},"categories":[64],"tags":[77,112,65,99,136,126,95,76,109],"class_list":["post-24892","post","type-post","status-publish","format-standard","has-post-thumbnail","hentry","category-actualite","tag-actualite","tag-exhibition","tag-exposition","tag-galerie-raymond-debieve","tag-la-voix-du-nord","tag-mars-2017","tag-maubeuge","tag-raymond-debieve","tag-ville-de-maubeuge"],"_links":{"self":[{"href":"https:\/\/raymond-debieve.fr\/en\/wp-json\/wp\/v2\/posts\/24892","targetHints":{"allow":["GET"]}}],"collection":[{"href":"https:\/\/raymond-debieve.fr\/en\/wp-json\/wp\/v2\/posts"}],"about":[{"href":"https:\/\/raymond-debieve.fr\/en\/wp-json\/wp\/v2\/types\/post"}],"author":[{"embeddable":true,"href":"https:\/\/raymond-debieve.fr\/en\/wp-json\/wp\/v2\/users\/2"}],"replies":[{"embeddable":true,"href":"https:\/\/raymond-debieve.fr\/en\/wp-json\/wp\/v2\/comments?post=24892"}],"version-history":[{"count":2,"href":"https:\/\/raymond-debieve.fr\/en\/wp-json\/wp\/v2\/posts\/24892\/revisions"}],"predecessor-version":[{"id":24895,"href":"https:\/\/raymond-debieve.fr\/en\/wp-json\/wp\/v2\/posts\/24892\/revisions\/24895"}],"wp:featuredmedia":[{"embeddable":true,"href":"https:\/\/raymond-debieve.fr\/en\/wp-json\/wp\/v2\/media\/24894"}],"wp:attachment":[{"href":"https:\/\/raymond-debieve.fr\/en\/wp-json\/wp\/v2\/media?parent=24892"}],"wp:term":[{"taxonomy":"category","embeddable":true,"href":"https:\/\/raymond-debieve.fr\/en\/wp-json\/wp\/v2\/categories?post=24892"},{"taxonomy":"post_tag","embeddable":true,"href":"https:\/\/raymond-debieve.fr\/en\/wp-json\/wp\/v2\/tags?post=24892"}],"curies":[{"name":"wp","href":"https:\/\/api.w.org\/{rel}","templated":true}]}}