{"id":24912,"date":"2017-03-23T21:28:40","date_gmt":"2017-03-23T19:28:40","guid":{"rendered":"http:\/\/raymond-debieve.fr\/?p=24912"},"modified":"2017-04-01T21:02:50","modified_gmt":"2017-04-01T19:02:50","slug":"exposition-a-maubeuge-bernard-henneuse-evoque-frere-micro-de-canal-fm","status":"publish","type":"post","link":"https:\/\/raymond-debieve.fr\/en\/exposition-a-maubeuge-bernard-henneuse-evoque-frere-micro-de-canal-fm\/","title":{"rendered":"Exposition \u00e0 Maubeuge : Bernard Henneuse \u00e9voque son fr\u00e8re Raymond Debi\u00e8ve au micro de Canal FM"},"content":{"rendered":"<p class=\"qtranxs-available-languages-message qtranxs-available-languages-message-en\">Sorry, this entry is only available in <a href=\"https:\/\/raymond-debieve.fr\/fr\/wp-json\/wp\/v2\/posts\/24912\" class=\"qtranxs-available-language-link qtranxs-available-language-link-fr\" title=\"Fran\u00e7ais\">Fran\u00e7ais<\/a>.<\/p>A l&#8217;occasion de l&#8217;exposition qui se d\u00e9roule actuellement \u00e0 Maubeuge, Canal Fm a interview\u00e9 Bernard Henneuse.<\/p>\n<p>Vous pouvez r\u00e9\u00e9couter cet entretien qui \u00e9voque le travail et l&#8217;oeuvre incroyablement riche et prot\u00e9iforme de Raymond Debi\u00e8ve :<\/p>\n<p><img loading=\"lazy\" decoding=\"async\" class=\"size-wcsmall wp-image-24913 aligncenter\" src=\"http:\/\/raymond-debieve.fr\/wp-content\/uploads\/2017\/03\/587875717597d6.93091161-250x86.jpg\" alt=\"\" width=\"250\" height=\"86\" srcset=\"https:\/\/raymond-debieve.fr\/wp-content\/uploads\/2017\/03\/587875717597d6.93091161-250x86.jpg 250w, https:\/\/raymond-debieve.fr\/wp-content\/uploads\/2017\/03\/587875717597d6.93091161-750x258.jpg 750w, https:\/\/raymond-debieve.fr\/wp-content\/uploads\/2017\/03\/587875717597d6.93091161-300x103.jpg 300w, https:\/\/raymond-debieve.fr\/wp-content\/uploads\/2017\/03\/587875717597d6.93091161-768x264.jpg 768w, https:\/\/raymond-debieve.fr\/wp-content\/uploads\/2017\/03\/587875717597d6.93091161-550x189.jpg 550w, https:\/\/raymond-debieve.fr\/wp-content\/uploads\/2017\/03\/587875717597d6.93091161-800x275.jpg 800w, https:\/\/raymond-debieve.fr\/wp-content\/uploads\/2017\/03\/587875717597d6.93091161-523x180.jpg 523w, https:\/\/raymond-debieve.fr\/wp-content\/uploads\/2017\/03\/587875717597d6.93091161-872x300.jpg 872w, https:\/\/raymond-debieve.fr\/wp-content\/uploads\/2017\/03\/587875717597d6.93091161-75x26.jpg 75w, https:\/\/raymond-debieve.fr\/wp-content\/uploads\/2017\/03\/587875717597d6.93091161-520x179.jpg 520w, https:\/\/raymond-debieve.fr\/wp-content\/uploads\/2017\/03\/587875717597d6.93091161.jpg 945w\" sizes=\"auto, (max-width: 250px) 100vw, 250px\" \/><\/p>\n<p style=\"text-align: center;\"><a href=\"http:\/\/www.canalfm.fr\/news\/raymond-debieve-expo-d-un-artiste-maubeugeois-19782\" target=\"_blank\">http:\/\/www.canalfm.fr\/news\/raymond-debieve-expo-d-un-artiste-maubeugeois-19782<\/a><\/p>","protected":false},"excerpt":{"rendered":"<p>Sorry, this entry is only available in Fran\u00e7ais.A l&#8217;occasion de l&#8217;exposition qui se d\u00e9roule actuellement \u00e0 Maubeuge, Canal Fm a interview\u00e9 Bernard Henneuse. Vous pouvez r\u00e9\u00e9couter cet entretien qui \u00e9voque le travail et l&#8217;oeuvre incroyablement riche et prot\u00e9iforme de Raymond Debi\u00e8ve : http:\/\/www.canalfm.fr\/news\/raymond-debieve-expo-d-un-artiste-maubeugeois-19782<\/p>\n","protected":false},"author":1,"featured_media":24898,"comment_status":"closed","ping_status":"closed","sticky":false,"template":"","format":"standard","meta":{"_exactmetrics_skip_tracking":false,"_exactmetrics_sitenote_active":false,"_exactmetrics_sitenote_note":"","_exactmetrics_sitenote_category":0,"footnotes":""},"categories":[64],"tags":[142,112,65,99,45,126,76,109],"class_list":["post-24912","post","type-post","status-publish","format-standard","has-post-thumbnail","hentry","category-actualite","tag-canal-fm","tag-exhibition","tag-exposition","tag-galerie-raymond-debieve","tag-interview","tag-mars-2017","tag-raymond-debieve","tag-ville-de-maubeuge"],"_links":{"self":[{"href":"https:\/\/raymond-debieve.fr\/en\/wp-json\/wp\/v2\/posts\/24912","targetHints":{"allow":["GET"]}}],"collection":[{"href":"https:\/\/raymond-debieve.fr\/en\/wp-json\/wp\/v2\/posts"}],"about":[{"href":"https:\/\/raymond-debieve.fr\/en\/wp-json\/wp\/v2\/types\/post"}],"author":[{"embeddable":true,"href":"https:\/\/raymond-debieve.fr\/en\/wp-json\/wp\/v2\/users\/1"}],"replies":[{"embeddable":true,"href":"https:\/\/raymond-debieve.fr\/en\/wp-json\/wp\/v2\/comments?post=24912"}],"version-history":[{"count":3,"href":"https:\/\/raymond-debieve.fr\/en\/wp-json\/wp\/v2\/posts\/24912\/revisions"}],"predecessor-version":[{"id":24916,"href":"https:\/\/raymond-debieve.fr\/en\/wp-json\/wp\/v2\/posts\/24912\/revisions\/24916"}],"wp:featuredmedia":[{"embeddable":true,"href":"https:\/\/raymond-debieve.fr\/en\/wp-json\/wp\/v2\/media\/24898"}],"wp:attachment":[{"href":"https:\/\/raymond-debieve.fr\/en\/wp-json\/wp\/v2\/media?parent=24912"}],"wp:term":[{"taxonomy":"category","embeddable":true,"href":"https:\/\/raymond-debieve.fr\/en\/wp-json\/wp\/v2\/categories?post=24912"},{"taxonomy":"post_tag","embeddable":true,"href":"https:\/\/raymond-debieve.fr\/en\/wp-json\/wp\/v2\/tags?post=24912"}],"curies":[{"name":"wp","href":"https:\/\/api.w.org\/{rel}","templated":true}]}}