{"id":25409,"date":"2017-08-15T13:01:30","date_gmt":"2017-08-15T11:01:30","guid":{"rendered":"http:\/\/raymond-debieve.fr\/?p=25409"},"modified":"2017-09-10T17:49:42","modified_gmt":"2017-09-10T15:49:42","slug":"sud-ouest-raymond-debieve-dortoir-moines","status":"publish","type":"post","link":"https:\/\/raymond-debieve.fr\/en\/sud-ouest-raymond-debieve-dortoir-moines\/","title":{"rendered":"Sud Ouest newspaper\u00a0: Raymond Debi\u00e8ve at the Monks dormitory"},"content":{"rendered":"by Claire Lussac-Fran\u00e7ois<\/p>\n<p><img decoding=\"async\" class=\"m_2659873090577041149inbox-inbox- CToWUd\" src=\"https:\/\/ci5.googleusercontent.com\/proxy\/VHjM0Gmr2fUqIiP2pq9Os1ip2gROZS5RQA32cYOjnoMY8--ifLhE1cl44shApHjeY4tEyF0c7jw2ZuzvjWoJ2HDiZVJRE7OD5ZfKv9pQUi_OgNg=s0-d-e1-ft#http:\/\/nouveau.eureka.cc\/Docviewer.aspx?DocName=so2_small.gif\" \/><\/p>\n<p>Sud Ouest<\/p>\n<p>P\u00e9rigueux<\/p>\n<p>Tuesday, 18<sup>th<\/sup> July 2017<\/p>\n<p><img loading=\"lazy\" decoding=\"async\" class=\"aligncenter wp-image-25408 size-wcstandard\" src=\"http:\/\/raymond-debieve.fr\/wp-content\/uploads\/2017\/08\/photo-sud-ouest-550x482.png\" alt=\"\" width=\"550\" height=\"482\" srcset=\"https:\/\/raymond-debieve.fr\/wp-content\/uploads\/2017\/08\/photo-sud-ouest-550x482.png 550w, https:\/\/raymond-debieve.fr\/wp-content\/uploads\/2017\/08\/photo-sud-ouest-750x657.png 750w, https:\/\/raymond-debieve.fr\/wp-content\/uploads\/2017\/08\/photo-sud-ouest-300x263.png 300w, https:\/\/raymond-debieve.fr\/wp-content\/uploads\/2017\/08\/photo-sud-ouest-768x673.png 768w, https:\/\/raymond-debieve.fr\/wp-content\/uploads\/2017\/08\/photo-sud-ouest-250x219.png 250w, https:\/\/raymond-debieve.fr\/wp-content\/uploads\/2017\/08\/photo-sud-ouest-800x701.png 800w, https:\/\/raymond-debieve.fr\/wp-content\/uploads\/2017\/08\/photo-sud-ouest-205x180.png 205w, https:\/\/raymond-debieve.fr\/wp-content\/uploads\/2017\/08\/photo-sud-ouest-342x300.png 342w, https:\/\/raymond-debieve.fr\/wp-content\/uploads\/2017\/08\/photo-sud-ouest-571x500.png 571w, https:\/\/raymond-debieve.fr\/wp-content\/uploads\/2017\/08\/photo-sud-ouest-75x66.png 75w, https:\/\/raymond-debieve.fr\/wp-content\/uploads\/2017\/08\/photo-sud-ouest-520x456.png 520w, https:\/\/raymond-debieve.fr\/wp-content\/uploads\/2017\/08\/photo-sud-ouest.png 896w\" sizes=\"auto, (max-width: 550px) 100vw, 550px\" \/><\/p>\n<p>Green P\u00e9rigord<\/p>\n<p>Raymond Debi\u00e8ve at the Monks&#8217; dormitory<\/p>\n<p>BRANT\u00d4ME (P\u00c9RIGORD) Until July 21<sup>st<\/sup>, visitors are invited to discover the abundance of the work of artist Raymon Debi\u00e8ve (1931-2011), at the Monks&#8217; dormitory. A humanist painter, a poet with a twinkle in his eye, a sculptor with a colourful brush, he has exploited all types of materials to portray the world around him. Scupltures, paintings, watercolours are to be seen during a leisurely stroll full of colour, poetry and surprises. Admission free, open from 10 a.m. to 7 p.m.","protected":false},"excerpt":{"rendered":"<p>by Claire Lussac-Fran\u00e7ois Sud Ouest P\u00e9rigueux Tuesday, 18th July 2017 Green P\u00e9rigord Raymond Debi\u00e8ve at the Monks&#8217; dormitory BRANT\u00d4ME (P\u00c9RIGORD) Until July 21st, visitors are invited to discover the abundance of the work of artist Raymon Debi\u00e8ve (1931-2011), at the Monks&#8217; dormitory. A humanist painter, a poet with a twinkle in his eye, a sculptor [&hellip;]<\/p>\n","protected":false},"author":1,"featured_media":25413,"comment_status":"closed","ping_status":"closed","sticky":false,"template":"","format":"standard","meta":{"_exactmetrics_skip_tracking":false,"_exactmetrics_sitenote_active":false,"_exactmetrics_sitenote_note":"","_exactmetrics_sitenote_category":0,"footnotes":""},"categories":[64],"tags":[65,123,76,195,194],"class_list":["post-25409","post","type-post","status-publish","format-standard","has-post-thumbnail","hentry","category-actualite","tag-exposition","tag-peintures","tag-raymond-debieve","tag-sculptures","tag-sud-ouest"],"_links":{"self":[{"href":"https:\/\/raymond-debieve.fr\/en\/wp-json\/wp\/v2\/posts\/25409","targetHints":{"allow":["GET"]}}],"collection":[{"href":"https:\/\/raymond-debieve.fr\/en\/wp-json\/wp\/v2\/posts"}],"about":[{"href":"https:\/\/raymond-debieve.fr\/en\/wp-json\/wp\/v2\/types\/post"}],"author":[{"embeddable":true,"href":"https:\/\/raymond-debieve.fr\/en\/wp-json\/wp\/v2\/users\/1"}],"replies":[{"embeddable":true,"href":"https:\/\/raymond-debieve.fr\/en\/wp-json\/wp\/v2\/comments?post=25409"}],"version-history":[{"count":4,"href":"https:\/\/raymond-debieve.fr\/en\/wp-json\/wp\/v2\/posts\/25409\/revisions"}],"predecessor-version":[{"id":25631,"href":"https:\/\/raymond-debieve.fr\/en\/wp-json\/wp\/v2\/posts\/25409\/revisions\/25631"}],"wp:featuredmedia":[{"embeddable":true,"href":"https:\/\/raymond-debieve.fr\/en\/wp-json\/wp\/v2\/media\/25413"}],"wp:attachment":[{"href":"https:\/\/raymond-debieve.fr\/en\/wp-json\/wp\/v2\/media?parent=25409"}],"wp:term":[{"taxonomy":"category","embeddable":true,"href":"https:\/\/raymond-debieve.fr\/en\/wp-json\/wp\/v2\/categories?post=25409"},{"taxonomy":"post_tag","embeddable":true,"href":"https:\/\/raymond-debieve.fr\/en\/wp-json\/wp\/v2\/tags?post=25409"}],"curies":[{"name":"wp","href":"https:\/\/api.w.org\/{rel}","templated":true}]}}