{"id":25872,"date":"2018-06-06T15:04:02","date_gmt":"2018-06-06T13:04:02","guid":{"rendered":"http:\/\/raymond-debieve.fr\/?p=25872"},"modified":"2018-06-06T15:04:02","modified_gmt":"2018-06-06T13:04:02","slug":"reportage-france-3-perigords","status":"publish","type":"post","link":"https:\/\/raymond-debieve.fr\/en\/reportage-france-3-perigords\/","title":{"rendered":"Reportage France 3 P\u00e9rigords"},"content":{"rendered":"<p class=\"qtranxs-available-languages-message qtranxs-available-languages-message-en\">Sorry, this entry is only available in <a href=\"https:\/\/raymond-debieve.fr\/fr\/wp-json\/wp\/v2\/posts\/25872\" class=\"qtranxs-available-language-link qtranxs-available-language-link-fr\" title=\"Fran\u00e7ais\">Fran\u00e7ais<\/a>.<\/p><span style=\"font-size: 14pt;\">L&#8217;exposition des oeuvres de Raymond Debi\u00e8ve \u00e0 l&#8217;Abbaye de Brant\u00f4me est un vrai succ\u00e8s : nombreux sont les visiteurs, et plusieurs articles ou reportages ont \u00e9t\u00e9 consacr\u00e9s \u00e0 cet \u00e9v\u00e9nement !\u00a0<\/span><\/p>\n<p><span style=\"font-size: 14pt;\">Vous pouvez acc\u00e9der au reportage t\u00e9l\u00e9visuel de Bruno Ardouin, Pascal Tinon et Alexandra Cassar-Rajaud, <strong>France 3 P\u00e9rigords<\/strong>, diffus\u00e9 le mardi 5 juin en cliquant sur l&#8217;image ci-dessous:\u00a0<\/span><a href=\"https:\/\/www.youtube.com\/watch?v=6KsE2Q3YDhM\"><img loading=\"lazy\" decoding=\"async\" class=\"wp-image-25879 size-wcstandard aligncenter\" src=\"http:\/\/raymond-debieve.fr\/wp-content\/uploads\/2018\/06\/f3na24_20180604-expobrantomeraymonddebieve-3692867-550x310.jpg\" alt=\"\" width=\"550\" height=\"310\" srcset=\"https:\/\/raymond-debieve.fr\/wp-content\/uploads\/2018\/06\/f3na24_20180604-expobrantomeraymonddebieve-3692867-550x310.jpg 550w, https:\/\/raymond-debieve.fr\/wp-content\/uploads\/2018\/06\/f3na24_20180604-expobrantomeraymonddebieve-3692867-300x169.jpg 300w, https:\/\/raymond-debieve.fr\/wp-content\/uploads\/2018\/06\/f3na24_20180604-expobrantomeraymonddebieve-3692867-768x432.jpg 768w, https:\/\/raymond-debieve.fr\/wp-content\/uploads\/2018\/06\/f3na24_20180604-expobrantomeraymonddebieve-3692867-250x141.jpg 250w, https:\/\/raymond-debieve.fr\/wp-content\/uploads\/2018\/06\/f3na24_20180604-expobrantomeraymonddebieve-3692867-320x180.jpg 320w, https:\/\/raymond-debieve.fr\/wp-content\/uploads\/2018\/06\/f3na24_20180604-expobrantomeraymonddebieve-3692867-533x300.jpg 533w, https:\/\/raymond-debieve.fr\/wp-content\/uploads\/2018\/06\/f3na24_20180604-expobrantomeraymonddebieve-3692867-750x422.jpg 750w, https:\/\/raymond-debieve.fr\/wp-content\/uploads\/2018\/06\/f3na24_20180604-expobrantomeraymonddebieve-3692867-75x42.jpg 75w, https:\/\/raymond-debieve.fr\/wp-content\/uploads\/2018\/06\/f3na24_20180604-expobrantomeraymonddebieve-3692867-520x293.jpg 520w, https:\/\/raymond-debieve.fr\/wp-content\/uploads\/2018\/06\/f3na24_20180604-expobrantomeraymonddebieve-3692867.jpg 780w\" sizes=\"auto, (max-width: 550px) 100vw, 550px\" \/><\/a><\/p>\n<p><span style=\"font-size: 14pt;\">En cliquant sur l&#8217;image, vous acc\u00e9dez \u00e0 <strong>l&#8217;article en ligne<\/strong> de\u00a0Pascal Faisceaux, qui compl\u00e8te le reportage de France 3 P\u00e9rigords :<\/span><a href=\"https:\/\/france3-regions.francetvinfo.fr\/nouvelle-aquitaine\/dordogne\/perigord\/raymond-debieve-homme-couleurs-expose-brantome-1488715.html\"><img loading=\"lazy\" decoding=\"async\" class=\"aligncenter wp-image-25875 size-wcstandard\" src=\"http:\/\/raymond-debieve.fr\/wp-content\/uploads\/2018\/06\/f3na24_20180604-expobrantomeraymonddebieve2-3692845-550x309.jpg\" alt=\"\" width=\"550\" height=\"309\" srcset=\"https:\/\/raymond-debieve.fr\/wp-content\/uploads\/2018\/06\/f3na24_20180604-expobrantomeraymonddebieve2-3692845-550x309.jpg 550w, https:\/\/raymond-debieve.fr\/wp-content\/uploads\/2018\/06\/f3na24_20180604-expobrantomeraymonddebieve2-3692845-300x169.jpg 300w, https:\/\/raymond-debieve.fr\/wp-content\/uploads\/2018\/06\/f3na24_20180604-expobrantomeraymonddebieve2-3692845-768x432.jpg 768w, https:\/\/raymond-debieve.fr\/wp-content\/uploads\/2018\/06\/f3na24_20180604-expobrantomeraymonddebieve2-3692845.jpg 1024w, https:\/\/raymond-debieve.fr\/wp-content\/uploads\/2018\/06\/f3na24_20180604-expobrantomeraymonddebieve2-3692845-250x141.jpg 250w, https:\/\/raymond-debieve.fr\/wp-content\/uploads\/2018\/06\/f3na24_20180604-expobrantomeraymonddebieve2-3692845-800x450.jpg 800w, https:\/\/raymond-debieve.fr\/wp-content\/uploads\/2018\/06\/f3na24_20180604-expobrantomeraymonddebieve2-3692845-320x180.jpg 320w, https:\/\/raymond-debieve.fr\/wp-content\/uploads\/2018\/06\/f3na24_20180604-expobrantomeraymonddebieve2-3692845-533x300.jpg 533w, https:\/\/raymond-debieve.fr\/wp-content\/uploads\/2018\/06\/f3na24_20180604-expobrantomeraymonddebieve2-3692845-889x500.jpg 889w, https:\/\/raymond-debieve.fr\/wp-content\/uploads\/2018\/06\/f3na24_20180604-expobrantomeraymonddebieve2-3692845-750x422.jpg 750w, https:\/\/raymond-debieve.fr\/wp-content\/uploads\/2018\/06\/f3na24_20180604-expobrantomeraymonddebieve2-3692845-75x42.jpg 75w, https:\/\/raymond-debieve.fr\/wp-content\/uploads\/2018\/06\/f3na24_20180604-expobrantomeraymonddebieve2-3692845-520x293.jpg 520w\" sizes=\"auto, (max-width: 550px) 100vw, 550px\" \/><\/a><\/p>\n<p><span style=\"font-size: 14pt;\">Egalement en ligne, un article de <strong>Claire Lussac-Fran\u00e7ois dans Sud-Ouest<\/strong> :\u00a0<\/span><\/p>\n<p><a href=\"https:\/\/www.sudouest.fr\/2018\/06\/01\/des-oeuvres-de-raymond-debieve-5106122-1755.php\"><img loading=\"lazy\" decoding=\"async\" class=\"wp-image-25874 size-wcstandard aligncenter\" src=\"http:\/\/raymond-debieve.fr\/wp-content\/uploads\/2018\/06\/bernard-henneuse-frere-de-raymond-debieve-montre-certaines-creations-a-decouvrir-1-550x275.jpg\" alt=\"\" width=\"550\" height=\"275\" srcset=\"https:\/\/raymond-debieve.fr\/wp-content\/uploads\/2018\/06\/bernard-henneuse-frere-de-raymond-debieve-montre-certaines-creations-a-decouvrir-1-550x275.jpg 550w, https:\/\/raymond-debieve.fr\/wp-content\/uploads\/2018\/06\/bernard-henneuse-frere-de-raymond-debieve-montre-certaines-creations-a-decouvrir-1-300x150.jpg 300w, https:\/\/raymond-debieve.fr\/wp-content\/uploads\/2018\/06\/bernard-henneuse-frere-de-raymond-debieve-montre-certaines-creations-a-decouvrir-1-768x384.jpg 768w, https:\/\/raymond-debieve.fr\/wp-content\/uploads\/2018\/06\/bernard-henneuse-frere-de-raymond-debieve-montre-certaines-creations-a-decouvrir-1-250x125.jpg 250w, https:\/\/raymond-debieve.fr\/wp-content\/uploads\/2018\/06\/bernard-henneuse-frere-de-raymond-debieve-montre-certaines-creations-a-decouvrir-1-800x400.jpg 800w, https:\/\/raymond-debieve.fr\/wp-content\/uploads\/2018\/06\/bernard-henneuse-frere-de-raymond-debieve-montre-certaines-creations-a-decouvrir-1-360x180.jpg 360w, https:\/\/raymond-debieve.fr\/wp-content\/uploads\/2018\/06\/bernard-henneuse-frere-de-raymond-debieve-montre-certaines-creations-a-decouvrir-1-600x300.jpg 600w, https:\/\/raymond-debieve.fr\/wp-content\/uploads\/2018\/06\/bernard-henneuse-frere-de-raymond-debieve-montre-certaines-creations-a-decouvrir-1.jpg 1000w, https:\/\/raymond-debieve.fr\/wp-content\/uploads\/2018\/06\/bernard-henneuse-frere-de-raymond-debieve-montre-certaines-creations-a-decouvrir-1-750x375.jpg 750w, https:\/\/raymond-debieve.fr\/wp-content\/uploads\/2018\/06\/bernard-henneuse-frere-de-raymond-debieve-montre-certaines-creations-a-decouvrir-1-75x38.jpg 75w, https:\/\/raymond-debieve.fr\/wp-content\/uploads\/2018\/06\/bernard-henneuse-frere-de-raymond-debieve-montre-certaines-creations-a-decouvrir-1-520x260.jpg 520w\" sizes=\"auto, (max-width: 550px) 100vw, 550px\" \/><\/a>","protected":false},"excerpt":{"rendered":"<p>Sorry, this entry is only available in Fran\u00e7ais.L&#8217;exposition des oeuvres de Raymond Debi\u00e8ve \u00e0 l&#8217;Abbaye de Brant\u00f4me est un vrai succ\u00e8s : nombreux sont les visiteurs, et plusieurs articles ou reportages ont \u00e9t\u00e9 consacr\u00e9s \u00e0 cet \u00e9v\u00e9nement !\u00a0 Vous pouvez acc\u00e9der au reportage t\u00e9l\u00e9visuel de Bruno Ardouin, Pascal Tinon et Alexandra Cassar-Rajaud, France 3 P\u00e9rigords, [&hellip;]<\/p>\n","protected":false},"author":1,"featured_media":25856,"comment_status":"closed","ping_status":"closed","sticky":false,"template":"","format":"standard","meta":{"_exactmetrics_skip_tracking":false,"_exactmetrics_sitenote_active":false,"_exactmetrics_sitenote_note":"","_exactmetrics_sitenote_category":0,"footnotes":""},"categories":[64],"tags":[],"class_list":["post-25872","post","type-post","status-publish","format-standard","has-post-thumbnail","hentry","category-actualite"],"_links":{"self":[{"href":"https:\/\/raymond-debieve.fr\/en\/wp-json\/wp\/v2\/posts\/25872","targetHints":{"allow":["GET"]}}],"collection":[{"href":"https:\/\/raymond-debieve.fr\/en\/wp-json\/wp\/v2\/posts"}],"about":[{"href":"https:\/\/raymond-debieve.fr\/en\/wp-json\/wp\/v2\/types\/post"}],"author":[{"embeddable":true,"href":"https:\/\/raymond-debieve.fr\/en\/wp-json\/wp\/v2\/users\/1"}],"replies":[{"embeddable":true,"href":"https:\/\/raymond-debieve.fr\/en\/wp-json\/wp\/v2\/comments?post=25872"}],"version-history":[{"count":6,"href":"https:\/\/raymond-debieve.fr\/en\/wp-json\/wp\/v2\/posts\/25872\/revisions"}],"predecessor-version":[{"id":25882,"href":"https:\/\/raymond-debieve.fr\/en\/wp-json\/wp\/v2\/posts\/25872\/revisions\/25882"}],"wp:featuredmedia":[{"embeddable":true,"href":"https:\/\/raymond-debieve.fr\/en\/wp-json\/wp\/v2\/media\/25856"}],"wp:attachment":[{"href":"https:\/\/raymond-debieve.fr\/en\/wp-json\/wp\/v2\/media?parent=25872"}],"wp:term":[{"taxonomy":"category","embeddable":true,"href":"https:\/\/raymond-debieve.fr\/en\/wp-json\/wp\/v2\/categories?post=25872"},{"taxonomy":"post_tag","embeddable":true,"href":"https:\/\/raymond-debieve.fr\/en\/wp-json\/wp\/v2\/tags?post=25872"}],"curies":[{"name":"wp","href":"https:\/\/api.w.org\/{rel}","templated":true}]}}