{"id":26194,"date":"2019-04-23T14:30:58","date_gmt":"2019-04-23T12:30:58","guid":{"rendered":"https:\/\/raymond-debieve.fr\/?p=26194"},"modified":"2019-04-23T14:30:58","modified_gmt":"2019-04-23T12:30:58","slug":"article-dans-lobservateur-de-lavesnois","status":"publish","type":"post","link":"https:\/\/raymond-debieve.fr\/en\/article-dans-lobservateur-de-lavesnois\/","title":{"rendered":"Article dans L&#8217;Observateur de l&#8217;Avesnois"},"content":{"rendered":"<p class=\"qtranxs-available-languages-message qtranxs-available-languages-message-en\">Sorry, this entry is only available in <a href=\"https:\/\/raymond-debieve.fr\/fr\/wp-json\/wp\/v2\/posts\/26194\" class=\"qtranxs-available-language-link qtranxs-available-language-link-fr\" title=\"Fran\u00e7ais\">Fran\u00e7ais<\/a>.<\/p>L&#8217;Observateur de l&#8217;Avesnois &#8211; 15 Feb 2019 &#8211; Sophie Rabot<\/p>\n<p><strong>La maison du bocage prend un nouveau d\u00e9part<\/strong><\/p>\n<p>SAINS- DU- NORD La maire, Christine Basquin, a de nombreux projets pour la Maison du bocage. Le don exceptionnel d\u2019oeuvres de Raymond Debi\u00e8ve va vraiment lui donner un nouvel \u00e9lan<\/p>\n<p><strong>Christine Basquin a de nombreux projets pour la Maison du Bocage.<\/strong><\/p>\n<p>Depuis la d\u00e9cision de l\u2019Ecomus\u00e9e de Fourmies de modifier ses statuts, beaucoup de questions se posaient sur l\u2019avenir de la Maison du bocage. Eh bien, la Maison du bocage n\u2019est pas morte. \u00ab \u00a0Nous avons bien l\u2019intention de la faire vivre et la restructurer sur le th\u00e8me fondateur : bocage, jardin et biodiversit\u00e9\u00a0 \u00bb , assure la maire, Christine Basquin. Et ce qui va marquer ce nouveau d\u00e9part de la Maison du bocage, c\u2019est ce don exceptionnel qu\u2019elle vient de recevoir. Le fr\u00e8re de Raymond Debi\u00e8ve, artiste avesnois, dont les oeuvres ont \u00e9t\u00e9 vendues par tout dans le monde, a d\u00e9cid\u00e9 de l\u00e9guer une centaine d\u2019oeuvres \u00e0 la commune. Un cadeau inestimable, qui va for t logiquement trouver sa place au coeur de la Maison du bocage, \u00e0 l\u2019\u00e9tage de la grange. Sur ses toiles, on reconna\u00eet son attachement pour sa r\u00e9gion, l\u2019Avesnois, avec les granges, les paysages, les portraits de famille, les animaux de ferme, les Gilles &#8230; Bernard Henneuse, fr\u00e8re de l\u2019ar tiste, explique : \u00ab \u00a0depuis son d\u00e9c\u00e8s, je n\u2019avais qu\u2019une id\u00e9e en t\u00eate, lui consacrer un lieu dans l\u2019Avesnois. Je connaissais cette maison, o\u00f9 il a d\u00e9j\u00e0 expos\u00e9 d\u2019ailleurs. J\u2019aime beaucoup les lieux avec le verger, .. \u00e7a colle tout \u00e0 fait avec l\u2019art de vivre de Raymond. Pour moi, c\u2019est tout \u00e0 fait coh\u00e9rent et rapidement cela m\u2019a paru une \u00e9vidence de donner ses oeuvres \u00e0 la commune pour qu\u2019elles soient expos\u00e9es ici. Et lorsque j\u2019en ai parl\u00e9 au maire, elle s\u2019est montr\u00e9e tellement enthousiaste. J\u2019ai vraiment \u00e9t\u00e9 accueilli les bras ouverts\u00a0 \u00bb . Les oeuvres sont arriv\u00e9es ce mardi \u00e0 la Maison du bocage et ce n\u2019est pas sans \u00e9motion, par tag\u00e9e avec Bernard Henneuse, que la maire les a r\u00e9ceptionn\u00e9es. Dans le cadre de la reconversion de la maison, le ser vice embellissement et cadre de vie va s\u2019y installer. \u00ab \u00a0C\u2019est tout \u00e0 fait coh\u00e9rent\u00a0 \u00bb puisque son responsable, St\u00e9phane Bur venique, s\u2019y est beaucoup investi. D\u00e9sormais, la Maison du bocage sera enti\u00e8rement reli\u00e9e \u00e0 la ville. \u00ab \u00a0Nous allons d\u2019ailleurs embaucher une personne en CDD, qui sera \u00e0 la fois le second de St\u00e9phane et pourra travailler aussi bien \u00e0 l\u2019entretien qu\u2019\u00e0 l\u2019animation de la ville\u00a0 \u00bb , pr\u00e9cise la maire. D\u00e8s cette ann\u00e9e, des expositions seront propos\u00e9es en par tenariat avec les PNRA, ainsi qu\u2019en relation avec les jardins botaniques. En juin, le public pourra d\u00e9couvrir une exposition de papillons vivants.<\/p>\n<p><img loading=\"lazy\" decoding=\"async\" class=\"aligncenter wp-image-26195 size-full\" src=\"https:\/\/raymond-debieve.fr\/wp-content\/uploads\/2019\/04\/article-Une-sains-du-nord-15-f\u00e9vrier.png\" alt=\"\" width=\"921\" height=\"727\" srcset=\"https:\/\/raymond-debieve.fr\/wp-content\/uploads\/2019\/04\/article-Une-sains-du-nord-15-f\u00e9vrier.png 921w, https:\/\/raymond-debieve.fr\/wp-content\/uploads\/2019\/04\/article-Une-sains-du-nord-15-f\u00e9vrier-300x237.png 300w, https:\/\/raymond-debieve.fr\/wp-content\/uploads\/2019\/04\/article-Une-sains-du-nord-15-f\u00e9vrier-768x606.png 768w, https:\/\/raymond-debieve.fr\/wp-content\/uploads\/2019\/04\/article-Une-sains-du-nord-15-f\u00e9vrier-750x592.png 750w\" sizes=\"auto, (max-width: 921px) 100vw, 921px\" \/>","protected":false},"excerpt":{"rendered":"<p>Sorry, this entry is only available in Fran\u00e7ais.L&#8217;Observateur de l&#8217;Avesnois &#8211; 15 Feb 2019 &#8211; Sophie Rabot La maison du bocage prend un nouveau d\u00e9part SAINS- DU- NORD La maire, Christine Basquin, a de nombreux projets pour la Maison du bocage. Le don exceptionnel d\u2019oeuvres de Raymond Debi\u00e8ve va vraiment lui donner un nouvel \u00e9lan [&hellip;]<\/p>\n","protected":false},"author":1,"featured_media":26195,"comment_status":"closed","ping_status":"closed","sticky":false,"template":"","format":"standard","meta":{"_exactmetrics_skip_tracking":false,"_exactmetrics_sitenote_active":false,"_exactmetrics_sitenote_note":"","_exactmetrics_sitenote_category":0,"footnotes":""},"categories":[64],"tags":[219,76,220],"class_list":["post-26194","post","type-post","status-publish","format-standard","has-post-thumbnail","hentry","category-actualite","tag-inauguration","tag-raymond-debieve","tag-sains-du-nord"],"_links":{"self":[{"href":"https:\/\/raymond-debieve.fr\/en\/wp-json\/wp\/v2\/posts\/26194","targetHints":{"allow":["GET"]}}],"collection":[{"href":"https:\/\/raymond-debieve.fr\/en\/wp-json\/wp\/v2\/posts"}],"about":[{"href":"https:\/\/raymond-debieve.fr\/en\/wp-json\/wp\/v2\/types\/post"}],"author":[{"embeddable":true,"href":"https:\/\/raymond-debieve.fr\/en\/wp-json\/wp\/v2\/users\/1"}],"replies":[{"embeddable":true,"href":"https:\/\/raymond-debieve.fr\/en\/wp-json\/wp\/v2\/comments?post=26194"}],"version-history":[{"count":4,"href":"https:\/\/raymond-debieve.fr\/en\/wp-json\/wp\/v2\/posts\/26194\/revisions"}],"predecessor-version":[{"id":26199,"href":"https:\/\/raymond-debieve.fr\/en\/wp-json\/wp\/v2\/posts\/26194\/revisions\/26199"}],"wp:featuredmedia":[{"embeddable":true,"href":"https:\/\/raymond-debieve.fr\/en\/wp-json\/wp\/v2\/media\/26195"}],"wp:attachment":[{"href":"https:\/\/raymond-debieve.fr\/en\/wp-json\/wp\/v2\/media?parent=26194"}],"wp:term":[{"taxonomy":"category","embeddable":true,"href":"https:\/\/raymond-debieve.fr\/en\/wp-json\/wp\/v2\/categories?post=26194"},{"taxonomy":"post_tag","embeddable":true,"href":"https:\/\/raymond-debieve.fr\/en\/wp-json\/wp\/v2\/tags?post=26194"}],"curies":[{"name":"wp","href":"https:\/\/api.w.org\/{rel}","templated":true}]}}