{"id":26267,"date":"2019-07-18T13:55:32","date_gmt":"2019-07-18T11:55:32","guid":{"rendered":"https:\/\/raymond-debieve.fr\/?p=26267"},"modified":"2019-07-18T13:55:32","modified_gmt":"2019-07-18T11:55:32","slug":"exposition-en-couleurs-brantome-2019","status":"publish","type":"post","link":"https:\/\/raymond-debieve.fr\/en\/exposition-en-couleurs-brantome-2019\/","title":{"rendered":"Exposition &#8220;en couleurs!&#8221; -"},"content":{"rendered":"<p class=\"qtranxs-available-languages-message qtranxs-available-languages-message-en\">Sorry, this entry is only available in <a href=\"https:\/\/raymond-debieve.fr\/fr\/wp-json\/wp\/v2\/posts\/26267\" class=\"qtranxs-available-language-link qtranxs-available-language-link-fr\" title=\"Fran\u00e7ais\">Fran\u00e7ais<\/a>.<\/p><p class=\"has-drop-cap\">L\u2019exposition \u201cen couleurs ! \u201d a ouvert ses portes le 13 juillet et vous accueillera jusqu\u2019au 26 juillet.<\/p>\n<p class=\"has-drop-cap\">Dans le tr\u00e8s beau cadre qu\u2019offre le dortoir des Moines de l\u2019Abbaye de Brant\u00f4me, les couleurs s\u2019envolent d\u2019une fen\u00eatre \u00e0 autre, se r\u00e9pondent au d\u00e9tour de la promenade. Bouquets et paysages ensoleill\u00e9s sont \u00e0 l\u2019honneur cette ann\u00e9e, au milieu desquels vous ferez quelques rencontres surprenantes : un taureau \u00e9bahi, des mari\u00e9s surpris, des enfants saisis en plein jeux dans une cour d\u2019\u00e9cole. La lumi\u00e8re, la gait\u00e9 et la libert\u00e9 impr\u00e8gnent cette exposition, toute en couleurs !<\/p>\n<p style=\"text-align: center;\">Ouvert tous les jours de 10h \u00e0 19h.<\/p>\n<p style=\"text-align: center;\">Entr\u00e9e libre \u2013 Acc\u00e8s possible par ascenseur.<\/p>\n<div id=\"attachment_26274\" style=\"width: 678px\" class=\"wp-caption aligncenter\"><img loading=\"lazy\" decoding=\"async\" aria-describedby=\"caption-attachment-26274\" class=\" wp-image-26274\" src=\"https:\/\/raymond-debieve.fr\/wp-content\/uploads\/2019\/07\/IMG_20190714_125522.jpg\" alt=\"exposition Raymond Debi\u00e8ve\" width=\"668\" height=\"500\" srcset=\"https:\/\/raymond-debieve.fr\/wp-content\/uploads\/2019\/07\/IMG_20190714_125522.jpg 2000w, https:\/\/raymond-debieve.fr\/wp-content\/uploads\/2019\/07\/IMG_20190714_125522-300x225.jpg 300w, https:\/\/raymond-debieve.fr\/wp-content\/uploads\/2019\/07\/IMG_20190714_125522-768x576.jpg 768w, https:\/\/raymond-debieve.fr\/wp-content\/uploads\/2019\/07\/IMG_20190714_125522-1024x768.jpg 1024w, https:\/\/raymond-debieve.fr\/wp-content\/uploads\/2019\/07\/IMG_20190714_125522-750x563.jpg 750w\" sizes=\"auto, (max-width: 668px) 100vw, 668px\" \/><p id=\"caption-attachment-26274\" class=\"wp-caption-text\">exposition Raymond Debi\u00e8ve<\/p><\/div>\n<div id=\"attachment_26273\" style=\"width: 679px\" class=\"wp-caption aligncenter\"><img loading=\"lazy\" decoding=\"async\" aria-describedby=\"caption-attachment-26273\" class=\" wp-image-26273\" src=\"https:\/\/raymond-debieve.fr\/wp-content\/uploads\/2019\/07\/IMG_20190714_125514.jpg\" alt=\"exposition Raymond Debi\u00e8ve\" width=\"669\" height=\"502\" srcset=\"https:\/\/raymond-debieve.fr\/wp-content\/uploads\/2019\/07\/IMG_20190714_125514.jpg 2000w, https:\/\/raymond-debieve.fr\/wp-content\/uploads\/2019\/07\/IMG_20190714_125514-300x225.jpg 300w, https:\/\/raymond-debieve.fr\/wp-content\/uploads\/2019\/07\/IMG_20190714_125514-768x576.jpg 768w, https:\/\/raymond-debieve.fr\/wp-content\/uploads\/2019\/07\/IMG_20190714_125514-1024x768.jpg 1024w, https:\/\/raymond-debieve.fr\/wp-content\/uploads\/2019\/07\/IMG_20190714_125514-750x563.jpg 750w\" sizes=\"auto, (max-width: 669px) 100vw, 669px\" \/><p id=\"caption-attachment-26273\" class=\"wp-caption-text\">exposition Raymond Debi\u00e8ve<\/p><\/div>\n<div id=\"attachment_26272\" style=\"width: 675px\" class=\"wp-caption aligncenter\"><img loading=\"lazy\" decoding=\"async\" aria-describedby=\"caption-attachment-26272\" class=\" wp-image-26272\" src=\"https:\/\/raymond-debieve.fr\/wp-content\/uploads\/2019\/07\/IMG_3734.jpg\" alt=\"exposition Raymond Debi\u00e8ve\" width=\"665\" height=\"443\" srcset=\"https:\/\/raymond-debieve.fr\/wp-content\/uploads\/2019\/07\/IMG_3734.jpg 3000w, https:\/\/raymond-debieve.fr\/wp-content\/uploads\/2019\/07\/IMG_3734-300x200.jpg 300w, https:\/\/raymond-debieve.fr\/wp-content\/uploads\/2019\/07\/IMG_3734-768x512.jpg 768w, https:\/\/raymond-debieve.fr\/wp-content\/uploads\/2019\/07\/IMG_3734-1024x683.jpg 1024w, https:\/\/raymond-debieve.fr\/wp-content\/uploads\/2019\/07\/IMG_3734-750x500.jpg 750w\" sizes=\"auto, (max-width: 665px) 100vw, 665px\" \/><p id=\"caption-attachment-26272\" class=\"wp-caption-text\">exposition Raymond Debi\u00e8ve<\/p><\/div>\n<div id=\"attachment_26271\" style=\"width: 669px\" class=\"wp-caption aligncenter\"><img loading=\"lazy\" decoding=\"async\" aria-describedby=\"caption-attachment-26271\" class=\" wp-image-26271\" src=\"https:\/\/raymond-debieve.fr\/wp-content\/uploads\/2019\/07\/IMG_3747.jpg\" alt=\"exposition Raymond Debi\u00e8ve\" width=\"659\" height=\"439\" srcset=\"https:\/\/raymond-debieve.fr\/wp-content\/uploads\/2019\/07\/IMG_3747.jpg 3000w, https:\/\/raymond-debieve.fr\/wp-content\/uploads\/2019\/07\/IMG_3747-300x200.jpg 300w, https:\/\/raymond-debieve.fr\/wp-content\/uploads\/2019\/07\/IMG_3747-768x512.jpg 768w, https:\/\/raymond-debieve.fr\/wp-content\/uploads\/2019\/07\/IMG_3747-1024x683.jpg 1024w, https:\/\/raymond-debieve.fr\/wp-content\/uploads\/2019\/07\/IMG_3747-750x500.jpg 750w\" sizes=\"auto, (max-width: 659px) 100vw, 659px\" \/><p id=\"caption-attachment-26271\" class=\"wp-caption-text\">exposition Raymond Debi\u00e8ve<\/p><\/div>\n<div id=\"attachment_26270\" style=\"width: 660px\" class=\"wp-caption aligncenter\"><img loading=\"lazy\" decoding=\"async\" aria-describedby=\"caption-attachment-26270\" class=\" wp-image-26270\" src=\"https:\/\/raymond-debieve.fr\/wp-content\/uploads\/2019\/07\/IMG_3756.jpg\" alt=\"exposition Raymond Debi\u00e8ve\" width=\"650\" height=\"433\" srcset=\"https:\/\/raymond-debieve.fr\/wp-content\/uploads\/2019\/07\/IMG_3756.jpg 3000w, https:\/\/raymond-debieve.fr\/wp-content\/uploads\/2019\/07\/IMG_3756-300x200.jpg 300w, https:\/\/raymond-debieve.fr\/wp-content\/uploads\/2019\/07\/IMG_3756-768x512.jpg 768w, https:\/\/raymond-debieve.fr\/wp-content\/uploads\/2019\/07\/IMG_3756-1024x683.jpg 1024w, https:\/\/raymond-debieve.fr\/wp-content\/uploads\/2019\/07\/IMG_3756-750x500.jpg 750w\" sizes=\"auto, (max-width: 650px) 100vw, 650px\" \/><p id=\"caption-attachment-26270\" class=\"wp-caption-text\">exposition Raymond Debi\u00e8ve<\/p><\/div>\n<div id=\"attachment_26269\" style=\"width: 661px\" class=\"wp-caption aligncenter\"><img loading=\"lazy\" decoding=\"async\" aria-describedby=\"caption-attachment-26269\" class=\" wp-image-26269\" src=\"https:\/\/raymond-debieve.fr\/wp-content\/uploads\/2019\/07\/exop.jpg\" alt=\"exposition Raymond Debi\u00e8ve\" width=\"651\" height=\"488\" srcset=\"https:\/\/raymond-debieve.fr\/wp-content\/uploads\/2019\/07\/exop.jpg 4000w, https:\/\/raymond-debieve.fr\/wp-content\/uploads\/2019\/07\/exop-300x225.jpg 300w, https:\/\/raymond-debieve.fr\/wp-content\/uploads\/2019\/07\/exop-768x576.jpg 768w, https:\/\/raymond-debieve.fr\/wp-content\/uploads\/2019\/07\/exop-1024x768.jpg 1024w, https:\/\/raymond-debieve.fr\/wp-content\/uploads\/2019\/07\/exop-750x563.jpg 750w\" sizes=\"auto, (max-width: 651px) 100vw, 651px\" \/><p id=\"caption-attachment-26269\" class=\"wp-caption-text\">exposition Raymond Debi\u00e8ve<\/p><\/div>","protected":false},"excerpt":{"rendered":"<p>Sorry, this entry is only available in Fran\u00e7ais.L\u2019exposition \u201cen couleurs ! \u201d a ouvert ses portes le 13 juillet et vous accueillera jusqu\u2019au 26 juillet. Dans le tr\u00e8s beau cadre qu\u2019offre le dortoir des Moines de l\u2019Abbaye de Brant\u00f4me, les couleurs s\u2019envolent d\u2019une fen\u00eatre \u00e0 autre, se r\u00e9pondent au d\u00e9tour de la promenade. Bouquets et [&hellip;]<\/p>\n","protected":false},"author":1,"featured_media":26268,"comment_status":"closed","ping_status":"closed","sticky":false,"template":"","format":"standard","meta":{"_exactmetrics_skip_tracking":false,"_exactmetrics_sitenote_active":false,"_exactmetrics_sitenote_note":"","_exactmetrics_sitenote_category":0,"footnotes":""},"categories":[64],"tags":[221,65,123,76],"class_list":["post-26267","post","type-post","status-publish","format-standard","has-post-thumbnail","hentry","category-actualite","tag-art-contemporain","tag-exposition","tag-peintures","tag-raymond-debieve"],"_links":{"self":[{"href":"https:\/\/raymond-debieve.fr\/en\/wp-json\/wp\/v2\/posts\/26267","targetHints":{"allow":["GET"]}}],"collection":[{"href":"https:\/\/raymond-debieve.fr\/en\/wp-json\/wp\/v2\/posts"}],"about":[{"href":"https:\/\/raymond-debieve.fr\/en\/wp-json\/wp\/v2\/types\/post"}],"author":[{"embeddable":true,"href":"https:\/\/raymond-debieve.fr\/en\/wp-json\/wp\/v2\/users\/1"}],"replies":[{"embeddable":true,"href":"https:\/\/raymond-debieve.fr\/en\/wp-json\/wp\/v2\/comments?post=26267"}],"version-history":[{"count":2,"href":"https:\/\/raymond-debieve.fr\/en\/wp-json\/wp\/v2\/posts\/26267\/revisions"}],"predecessor-version":[{"id":26276,"href":"https:\/\/raymond-debieve.fr\/en\/wp-json\/wp\/v2\/posts\/26267\/revisions\/26276"}],"wp:featuredmedia":[{"embeddable":true,"href":"https:\/\/raymond-debieve.fr\/en\/wp-json\/wp\/v2\/media\/26268"}],"wp:attachment":[{"href":"https:\/\/raymond-debieve.fr\/en\/wp-json\/wp\/v2\/media?parent=26267"}],"wp:term":[{"taxonomy":"category","embeddable":true,"href":"https:\/\/raymond-debieve.fr\/en\/wp-json\/wp\/v2\/categories?post=26267"},{"taxonomy":"post_tag","embeddable":true,"href":"https:\/\/raymond-debieve.fr\/en\/wp-json\/wp\/v2\/tags?post=26267"}],"curies":[{"name":"wp","href":"https:\/\/api.w.org\/{rel}","templated":true}]}}