{"id":26279,"date":"2019-07-28T18:42:49","date_gmt":"2019-07-28T16:42:49","guid":{"rendered":"https:\/\/raymond-debieve.fr\/?p=26279"},"modified":"2019-07-28T18:42:49","modified_gmt":"2019-07-28T16:42:49","slug":"article-sud-ouest-24-07-2019","status":"publish","type":"post","link":"https:\/\/raymond-debieve.fr\/en\/article-sud-ouest-24-07-2019\/","title":{"rendered":"Article Sud Ouest 24\/07\/2019"},"content":{"rendered":"<p class=\"qtranxs-available-languages-message qtranxs-available-languages-message-en\">Sorry, this entry is only available in <a href=\"https:\/\/raymond-debieve.fr\/fr\/wp-json\/wp\/v2\/posts\/26279\" class=\"qtranxs-available-language-link qtranxs-available-language-link-fr\" title=\"Fran\u00e7ais\">Fran\u00e7ais<\/a>.<\/p><div class=\"article-header\">\n<h1 class=\"page-title\" style=\"text-align: center;\"><img loading=\"lazy\" decoding=\"async\" class=\"wp-image-24728 size-thumbnail alignleft\" src=\"https:\/\/chouette-gallery.com\/wp-content\/uploads\/2018\/08\/sudouest-150x134.png\" alt=\"\" width=\"150\" height=\"134\" \/><\/h1>\n<h1><\/h1>\n<h1><\/h1>\n<h1><\/h1>\n<h1 class=\"page-title\" style=\"text-align: center;\">Dortoir \u00ab\u00a0En couleurs ! \u00bb<\/h1>\n<div class=\"details\">\n<div class=\"breadcrumb downfrom-tablet\" style=\"text-align: center;\"><span style=\"color: #333333;\"><a class=\"article-topic\" style=\"color: #333333;\" href=\"https:\/\/www.sudouest.fr\/\">A LA UNE<\/a> <a class=\"article-topic\" style=\"color: #333333;\" href=\"https:\/\/www.sudouest.fr\/dordogne\/brantome\/\">BRANT\u00d4ME<\/a><\/span><\/div>\n<div class=\"publishing\" style=\"text-align: center;\"><span style=\"color: #333333;\">Publi\u00e9 le <time datetime=\"2019-07-24T03:51:32+02:00\">24\/07\/2019 \u00e0 3h51<\/time> par <strong>Pierre-Manuel R\u00e9ault<\/strong>.<\/span><\/div>\n<\/div>\n<figure class=\" \"><figcaption class=\"caption\">\n<div class=\"credits\">\n<p style=\"text-align: right;\">\n<\/div>\n<\/figcaption><\/figure>\n<\/div>\n<div class=\"full-content\">\n<div class=\"article-body-wrapper\">\n<h4 class=\"lettrine\">Pour la quatri\u00e8me fois, l\u2019abbaye de Brant\u00f4me accueille une exposition consacr\u00e9e aux \u0153uvres fertiles de Raymond Debi\u00e8ve. L\u2019espace taill\u00e9 pour les \u0153uvres de Raymond Debi\u00e8ve, artiste peintre et c\u00e9ramiste. Environ 200 tableaux ont ici \u00e9t\u00e9 r\u00e9unis \u00e0 l\u2019initiative de sa ni\u00e8ce, Karine Henneuse. \u00ab\u00a0Mon oncle, je ne l\u2019ai jamais vu sans un pinceau, un crayon, un pastel \u00e0 la main, raconte-t-elle. M\u00eame lorsqu\u2019il faisait le d\u00eener, il s\u2019appliquait \u00e0 superposer les couches de l\u00e9gumes en fonction des couleurs. Il y mettait une telle passion qu\u2019il nous arrivait des fois de manger \u00e0 trois heures du matin.\u00a0\u00bb<\/h4>\n<h4>Pour cette quatri\u00e8me exposition au dortoir, baptis\u00e9e \u00ab\u00a0En couleurs\u202f!\u00a0\u00bb, Karine a essentiellement puis\u00e9 de ses cartons des peintures \u00e0 l\u2019huile saisissant fleurs, paysages ou sc\u00e8nes de vie ext\u00e9rieurs. Les tableaux sont lumineux ou temp\u00e9tueux, le soleil comme les fleurs jaunes \u00e9blouissent, les campagnes bleuissent au cr\u00e9puscule, le chat pose, les tulipes rouges ou les chardons fascinent autant qu\u2019ils inqui\u00e8tent. Il y a de la douceur, de l\u2019humour et de la po\u00e9sie autant que de tourments et de m\u00e9lancolie dans cette \u0153uvre.<\/h4>\n<div class=\"teads-adCall\"><\/div>\n<h4>On se balade dans le dortoir en s\u2019amusant du vent remuant les tableaux comme des mobiles, on rep\u00e8re l\u2019influence des grands peintres ayant marqu\u00e9 l\u2019artiste et l\u2019on se pla\u00eet \u00e0 voyager dans ce morceau du XXe si\u00e8cle qui, derri\u00e8re Picasso, avait assimil\u00e9 le cubisme et l\u2019abstraction.<\/h4>\n<h4>C\u2019est une des multiples facettes de Raymond Debi\u00e8ve, artiste engag\u00e9 et r\u00e9volt\u00e9 n\u2019ayant jamais rien conc\u00e9d\u00e9 aux galeristes, que l\u2019on d\u00e9couvre au dortoir. Les autres seront \u00e0 d\u00e9couvrir \u00e0 l\u2019issue de l\u2019exposition \u00e0 la Chouette galerie de Lempzours, o\u00f9 Karine Henneuse lui consacre dans une grange un espace permanent.<\/h4>\n<p style=\"text-align: right;\">Pratique : Ouvert tous les jours de 10 \u00e0 19 heures. Renseignements au 07 69 45 60 44 ou sur raymond-debieve.fr.<\/p>\n<p><img decoding=\"async\" class=\"aligncenter\" src=\"https:\/\/images.sudouest.fr\/2019\/07\/24\/5d37b7e966a4bd51719b31df\/widescreen\/1000x500\/karine-henneuse-sapplique-a-faire-vivre-loeuvre-de-son-oncle-raymond-debieve.jpg\" alt=\"Le Dortoir &amp;laquo;&amp;nbsp;En couleurs&amp;nbsp;&amp;raquo;\" \/><\/p>\n<\/div>\n<div style=\"text-align: center;\"><em>Karine Henneuse s\u2019applique \u00e0 faire vivre l\u2019\u0153uvre de son oncle, Raymond Debi\u00e8ve. P.-M. R.<\/em><\/div>\n<p>&nbsp;<\/p>\n<\/div>","protected":false},"excerpt":{"rendered":"<p>Sorry, this entry is only available in Fran\u00e7ais. Dortoir \u00ab\u00a0En couleurs ! \u00bb A LA UNE BRANT\u00d4ME Publi\u00e9 le 24\/07\/2019 \u00e0 3h51 par Pierre-Manuel R\u00e9ault. Pour la quatri\u00e8me fois, l\u2019abbaye de Brant\u00f4me accueille une exposition consacr\u00e9e aux \u0153uvres fertiles de Raymond Debi\u00e8ve. L\u2019espace taill\u00e9 pour les \u0153uvres de Raymond Debi\u00e8ve, artiste peintre et c\u00e9ramiste. Environ [&hellip;]<\/p>\n","protected":false},"author":1,"featured_media":26270,"comment_status":"closed","ping_status":"closed","sticky":false,"template":"","format":"standard","meta":{"_exactmetrics_skip_tracking":false,"_exactmetrics_sitenote_active":false,"_exactmetrics_sitenote_note":"","_exactmetrics_sitenote_category":0,"footnotes":""},"categories":[64],"tags":[77,65,123,76],"class_list":["post-26279","post","type-post","status-publish","format-standard","has-post-thumbnail","hentry","category-actualite","tag-actualite","tag-exposition","tag-peintures","tag-raymond-debieve"],"_links":{"self":[{"href":"https:\/\/raymond-debieve.fr\/en\/wp-json\/wp\/v2\/posts\/26279","targetHints":{"allow":["GET"]}}],"collection":[{"href":"https:\/\/raymond-debieve.fr\/en\/wp-json\/wp\/v2\/posts"}],"about":[{"href":"https:\/\/raymond-debieve.fr\/en\/wp-json\/wp\/v2\/types\/post"}],"author":[{"embeddable":true,"href":"https:\/\/raymond-debieve.fr\/en\/wp-json\/wp\/v2\/users\/1"}],"replies":[{"embeddable":true,"href":"https:\/\/raymond-debieve.fr\/en\/wp-json\/wp\/v2\/comments?post=26279"}],"version-history":[{"count":8,"href":"https:\/\/raymond-debieve.fr\/en\/wp-json\/wp\/v2\/posts\/26279\/revisions"}],"predecessor-version":[{"id":26287,"href":"https:\/\/raymond-debieve.fr\/en\/wp-json\/wp\/v2\/posts\/26279\/revisions\/26287"}],"wp:featuredmedia":[{"embeddable":true,"href":"https:\/\/raymond-debieve.fr\/en\/wp-json\/wp\/v2\/media\/26270"}],"wp:attachment":[{"href":"https:\/\/raymond-debieve.fr\/en\/wp-json\/wp\/v2\/media?parent=26279"}],"wp:term":[{"taxonomy":"category","embeddable":true,"href":"https:\/\/raymond-debieve.fr\/en\/wp-json\/wp\/v2\/categories?post=26279"},{"taxonomy":"post_tag","embeddable":true,"href":"https:\/\/raymond-debieve.fr\/en\/wp-json\/wp\/v2\/tags?post=26279"}],"curies":[{"name":"wp","href":"https:\/\/api.w.org\/{rel}","templated":true}]}}