{"id":26611,"date":"2020-03-09T17:14:04","date_gmt":"2020-03-09T15:14:04","guid":{"rendered":"https:\/\/raymond-debieve.fr\/?p=26611"},"modified":"2020-03-09T17:14:04","modified_gmt":"2020-03-09T15:14:04","slug":"conference","status":"publish","type":"post","link":"https:\/\/raymond-debieve.fr\/en\/conference\/","title":{"rendered":"Conf\u00e9rence"},"content":{"rendered":"<p class=\"qtranxs-available-languages-message qtranxs-available-languages-message-en\">Sorry, this entry is only available in <a href=\"https:\/\/raymond-debieve.fr\/fr\/wp-json\/wp\/v2\/posts\/26611\" class=\"qtranxs-available-language-link qtranxs-available-language-link-fr\" title=\"Fran\u00e7ais\">Fran\u00e7ais<\/a>.<\/p><h4 style=\"text-align: center;\"><em>Du berceau au tableau, l&#8217;itin\u00e9raire extraordinaire de Raymond Debi\u00e8ve<\/em><\/h4>\n<p style=\"text-align: center;\"><img loading=\"lazy\" decoding=\"async\" class=\"alignnone size-full wp-image-26612\" src=\"https:\/\/raymond-debieve.fr\/wp-content\/uploads\/2020\/03\/\u00e9t\u00e9-ville-3Carton-38x43-Medium.jpg\" alt=\"\" width=\"384\" height=\"440\" srcset=\"https:\/\/raymond-debieve.fr\/wp-content\/uploads\/2020\/03\/\u00e9t\u00e9-ville-3Carton-38x43-Medium.jpg 384w, https:\/\/raymond-debieve.fr\/wp-content\/uploads\/2020\/03\/\u00e9t\u00e9-ville-3Carton-38x43-Medium-262x300.jpg 262w\" sizes=\"auto, (max-width: 384px) 100vw, 384px\" \/><\/p>\n<h4 style=\"text-align: left;\">Avant le vernissage de l&#8217;exposition <em>Mille et une femmes&#8230;<\/em>, vous pourrez assister \u00e0 une conf\u00e9rence sur la vie et l&#8217;oeuvre de Raymond Debi\u00e8ve par son fr\u00e8re Bernard Henneuse. Cette conf\u00e9rence, \u00e0 l&#8217;initiative de Marie Humeau, aura lieu dans son salon de th\u00e9 Galerie Atelier ART-Th\u00e9,<\/h4>\n<h1 style=\"text-align: center;\">le samedi 28 mars de 17h \u00e0 18h<\/h1>\n<h4 style=\"text-align: center;\">ART-TH\u00e9 salon de th\u00e9 Galerie Atelier<\/h4>\n<h4 style=\"text-align: center;\">11 place Nicolas Feyte<\/h4>\n<h4 style=\"text-align: center;\">24420 SORGES et Ligueux en P\u00e9rigord<\/h4>\n<h4 style=\"text-align: center;\">07.813.023.80<\/h4>","protected":false},"excerpt":{"rendered":"<p>Sorry, this entry is only available in Fran\u00e7ais.Du berceau au tableau, l&#8217;itin\u00e9raire extraordinaire de Raymond Debi\u00e8ve Avant le vernissage de l&#8217;exposition Mille et une femmes&#8230;, vous pourrez assister \u00e0 une conf\u00e9rence sur la vie et l&#8217;oeuvre de Raymond Debi\u00e8ve par son fr\u00e8re Bernard Henneuse. Cette conf\u00e9rence, \u00e0 l&#8217;initiative de Marie Humeau, aura lieu dans son [&hellip;]<\/p>\n","protected":false},"author":1,"featured_media":26612,"comment_status":"closed","ping_status":"closed","sticky":false,"template":"","format":"standard","meta":{"_exactmetrics_skip_tracking":false,"_exactmetrics_sitenote_active":false,"_exactmetrics_sitenote_note":"","_exactmetrics_sitenote_category":0,"footnotes":""},"categories":[64],"tags":[],"class_list":["post-26611","post","type-post","status-publish","format-standard","has-post-thumbnail","hentry","category-actualite"],"_links":{"self":[{"href":"https:\/\/raymond-debieve.fr\/en\/wp-json\/wp\/v2\/posts\/26611","targetHints":{"allow":["GET"]}}],"collection":[{"href":"https:\/\/raymond-debieve.fr\/en\/wp-json\/wp\/v2\/posts"}],"about":[{"href":"https:\/\/raymond-debieve.fr\/en\/wp-json\/wp\/v2\/types\/post"}],"author":[{"embeddable":true,"href":"https:\/\/raymond-debieve.fr\/en\/wp-json\/wp\/v2\/users\/1"}],"replies":[{"embeddable":true,"href":"https:\/\/raymond-debieve.fr\/en\/wp-json\/wp\/v2\/comments?post=26611"}],"version-history":[{"count":3,"href":"https:\/\/raymond-debieve.fr\/en\/wp-json\/wp\/v2\/posts\/26611\/revisions"}],"predecessor-version":[{"id":26615,"href":"https:\/\/raymond-debieve.fr\/en\/wp-json\/wp\/v2\/posts\/26611\/revisions\/26615"}],"wp:featuredmedia":[{"embeddable":true,"href":"https:\/\/raymond-debieve.fr\/en\/wp-json\/wp\/v2\/media\/26612"}],"wp:attachment":[{"href":"https:\/\/raymond-debieve.fr\/en\/wp-json\/wp\/v2\/media?parent=26611"}],"wp:term":[{"taxonomy":"category","embeddable":true,"href":"https:\/\/raymond-debieve.fr\/en\/wp-json\/wp\/v2\/categories?post=26611"},{"taxonomy":"post_tag","embeddable":true,"href":"https:\/\/raymond-debieve.fr\/en\/wp-json\/wp\/v2\/tags?post=26611"}],"curies":[{"name":"wp","href":"https:\/\/api.w.org\/{rel}","templated":true}]}}